{"id":2387,"date":"2020-09-12T23:49:09","date_gmt":"2020-09-13T02:49:09","guid":{"rendered":"http:\/\/colegiojmaniezo.com.br\/novosite\/?p=2387"},"modified":"2020-09-14T16:09:43","modified_gmt":"2020-09-14T19:09:43","slug":"protocolo-de-retorno","status":"publish","type":"post","link":"http:\/\/colegiojmaniezo.com.br\/novosite\/protocolo-de-retorno\/","title":{"rendered":"Protocolo de Retorno"},"content":{"rendered":"<p><strong>PROTOCOLO DE SEGURAN\u00c7A PARA RETORNO \u00c0S AULAS<\/strong><strong>\u00a0<\/strong><\/p>\n<p>O Col\u00e9gio J. Maniezo adotou algumas regras de conduta e procedimentos para que o retorno \u00e0s aulas seja feito de forma tranquila, respons\u00e1vel e segura. Para que isso aconte\u00e7a, solicitamos a leitura atenta e a estrita observ\u00e2ncia aos processos abaixo.<\/p>\n<p>PROCEDIMENTOS<\/p>\n<ul>\n<li>RETOMADA:<\/li>\n<\/ul>\n<p>Nossa escola retomar\u00e1 as aulas presenciais mediante orienta\u00e7\u00e3o formal do Munic\u00edpio ou Estado. Os professores e funcion\u00e1rios est\u00e3o sendo altamente instru\u00eddos e capacitados em rela\u00e7\u00e3o aos procedimentos de seguran\u00e7a e higiene.<\/p>\n<ul>\n<li>VACINA\u00c7\u00c3O:<\/li>\n<\/ul>\n<p>Recomendamos aos profissionais da escola que possuem contato direto com os alunos que garantam a vacina\u00e7\u00e3o contra influenza. O mesmo orientamos aos pais\/respons\u00e1veis e aos pr\u00f3prios alunos do col\u00e9gio.<\/p>\n<ul>\n<li>AGLOMERA\u00c7\u00d5ES:<\/li>\n<\/ul>\n<p>Quaisquer aglomera\u00e7\u00f5es devem ser evitadas. Portanto, solicitamos que os respons\u00e1veis ou acompanhantes n\u00e3o se re\u00fanam nos port\u00f5es da escola e que n\u00e3o permane\u00e7am nas depend\u00eancias da mesma, caso n\u00e3o seja de suma necessidade. A entrada dos alunos deve ser feita com agilidade, a fim de evitar filas ou agrupamento de pessoas. Tudo o que for necess\u00e1rio para que o fluxo de entrada e sa\u00edda flua com rapidez e menor risco, ser\u00e1 feito por n\u00f3s. \u00c9 de suma import\u00e2ncia que sejam respeitados os hor\u00e1rios de entrada e sa\u00edda.<\/p>\n<ul>\n<li>DISTANCIAMENTO SOCIAL:<\/li>\n<\/ul>\n<p>Para mantermos o distanciamento social e agilizar entrada\/sa\u00edda dos alunos, solicitamos que os respons\u00e1veis permane\u00e7am no carro e os alunos ser\u00e3o direcionados pela equipe escolar.<\/p>\n<ul>\n<li>TR\u00c1FEGO:<\/li>\n<\/ul>\n<p>Visando um tr\u00e1fego de m\u00e3o \u00fanica, para agilizar o tr\u00e2nsito, solicitamos que os carros estejam em fila \u00fanica, respeitando a sinaliza\u00e7\u00e3o das ruas Jacob Miguel e Jarbas Martins Viana. Manter esse sentido ir\u00e1 facilitar nossa organiza\u00e7\u00e3o para recepcionar e entregar os alunos com maior rapidez.<\/p>\n<ul>\n<li>TEMPERATURA CORPORAL:<\/li>\n<\/ul>\n<p>Todos os dias a temperatura corporal dos alunos ser\u00e1 aferida na entrada da escola. Solicitamos que os respons\u00e1veis aguardem a libera\u00e7\u00e3o, pois s\u00f3 permanecer\u00e3o em ambiente escolar, os alunos que apresentarem temperatura abaixo de 37\u00baC.<\/p>\n<ul>\n<li>SINTOMAS:<\/li>\n<\/ul>\n<p>Caso o aluno apresente sintomas gripais, como: tosse, coriza, dificuldade para respirar, diarreia, v\u00f4mito, ou febre, o mesmo s\u00f3 poder\u00e1 retomar as atividades escolares ap\u00f3s atestado liberando sua presen\u00e7a na escola.<\/p>\n<ul>\n<li>USO DE M\u00c1SCARA:<\/li>\n<\/ul>\n<p>Recomendamos o uso de m\u00e1scara para os alunos acima de 5 anos (considerando as orienta\u00e7\u00f5es do Minist\u00e9rio da Sa\u00fade, Organiza\u00e7\u00e3o Mundial da Sa\u00fade e Anvisa). Orientamos que que os mesmos j\u00e1 cheguem ao col\u00e9gio portando as mesmas.<\/p>\n<ul>\n<li>ENTRADA E PERMAN\u00caNCIA NA ESCOLA:<\/li>\n<\/ul>\n<p>Ap\u00f3s medir a temperatura os alunos dever\u00e3o limpar os p\u00e9s no tapete sanitizante, passando ao tapete secante. A mochila dever\u00e1 ser higienizada e os alunos passar\u00e3o \u00e1lcool gel ou lavar\u00e3o as m\u00e3os antes de entrar na sala de aula. Durante a perman\u00eancia na escola os alunos ser\u00e3o orientados constantemente a lavarem as m\u00e3os, usarem \u00e1lcool em gel, permanecer com m\u00e1scara e manter o distanciamento social.<\/p>\n<ul>\n<li>HIGIENE:<\/li>\n<li>Todos os ambientes da escola ser\u00e3o constantemente higienizados pelas funcion\u00e1rias da limpeza, bem como pelos professores. O col\u00e9gio disp\u00f5e de todo material sanit\u00e1rio necess\u00e1rio para que o ambiente seja limpo com const\u00e2ncia e regularidade. Priorizaremos produtos neutros para n\u00e3o prejudicar alunos com eventuais sensibilidades. Corrim\u00e3os, ma\u00e7anetas, torneiras e outros pontos cr\u00edticos de contato ser\u00e3o higienizados frequentemente ao longo do dia. As salas de aula, bem como as depend\u00eancias do col\u00e9gio utilizadas por professores e alunos ser\u00e3o devidamente higienizadas a cada troca de turno<\/li>\n<\/ul>\n<ul>\n<li>ACESSO \u00c0S DEPEND\u00caNCIAS DA ESCOLA:<\/li>\n<\/ul>\n<p>Somente os alunos e pais\/respons\u00e1veis estar\u00e3o autorizados a ingressar nas depend\u00eancias da escola. Para entrada de respons\u00e1veis, pela secretaria do col\u00e9gio, ser\u00e3o adotadas as mesmas medidas j\u00e1 aplicadas aos alunos. Totens de \u00e1lcool gel estar\u00e3o dispon\u00edveis em todos os port\u00f5es, tanto de entrada dos alunos como de acesso \u00e0 secretaria.<\/p>\n<ul>\n<li>ROTINA E CONSCIENTIZA\u00c7\u00c3O:<\/li>\n<\/ul>\n<p>Estimularemos diariamente que os alunos e colaboradores tenham uma rotina de higieniza\u00e7\u00e3o, lavando suas m\u00e3os frequentemente com \u00e1gua e sab\u00e3o, especialmente ap\u00f3s aplica\u00e7\u00e3o de atividades e antes e ap\u00f3s as refei\u00e7\u00f5es. \u00c9 importante ressaltar que o contato f\u00edsico ser\u00e1 restringido, orientando os alunos a evitarem cumprimentos nas depend\u00eancias escolares. Nesse momento novas maneiras de contato ser\u00e3o estimuladas: acenos, sorrisos, gestos e m\u00edmicas.<\/p>\n<ul>\n<li>\u00c1LCOOL:<\/li>\n<\/ul>\n<p>Todas as salas e depend\u00eancias do col\u00e9gio estar\u00e3o equipadas com \u00e1lcool 70% e \u00e1lcool em gel para utiliza\u00e7\u00e3o dos colaboradores e dos alunos.<\/p>\n<ul>\n<li>SALAS DE AULAS:<\/li>\n<li>As carteiras, mesas e cadeiras da salas de aula ser\u00e3o organizadas e estar\u00e3o \u00e0 disposi\u00e7\u00e3o do aluno de acordo com o distanciamento recomendado pelos \u00f3rg\u00e3os fiscalizadores. A higiene das mesmas ser\u00e1 feita com const\u00e2ncia, contando com borrifador de \u00e1lcool 70% em todas as salas. As mesmas ser\u00e3o mantidas arejadas, com ventila\u00e7\u00e3o natural, portas e janelas abertas. Todos os alunos e envolvidos da escola dever\u00e3o trazer suas garrafinhas de \u00e1gua para consumo pessoal. A utiliza\u00e7\u00e3o dos bebedouros estar\u00e1 restrita apenas para abastecimento das mesmas. Objetos de uso pessoal dos alunos n\u00e3o poder\u00e3o ser compartilhados.<\/li>\n<\/ul>\n<ul>\n<li>\u00c1REAS COMUNS ENTRE ALUNOS:<\/li>\n<\/ul>\n<p>Os brinquedos e \u00e1reas de uso comum ser\u00e3o temporariamente desativados.<\/p>\n<ul>\n<li>BANHEIROS:<\/li>\n<\/ul>\n<p>Promoveremos rotina com os alunos para utiliza\u00e7\u00e3o dos banheiros a fim de que tenham cuidado redobrado nesses locais. Teremos momentos para demonstrar aos mesmos os ideais procedimentos de higieniza\u00e7\u00e3o.<\/p>\n<ul>\n<li>LANCHE:<\/li>\n<\/ul>\n<p>Caso necess\u00e1rio, realizaremos escala no refeit\u00f3rio com as turmas em hor\u00e1rios alternados para evitar aglomera\u00e7\u00f5es. As mesas de lanche, cadeiras e o espa\u00e7o utilizado para a refei\u00e7\u00e3o ser\u00e1 higienizado, como j\u00e1 de costume, a cada troca de turma.<\/p>\n<p>ATENDIMENTO AOS PAIS<\/p>\n<ul>\n<li>Daremos prioridade a esse atendimento via e-mail e telefone. Caso necess\u00e1rio, reuni\u00f5es presenciais s\u00f3 poder\u00e3o ser realizadas por meio de agendamento.<\/li>\n<li>O pai\/respons\u00e1vel s\u00f3 poder\u00e1 acessar a escola com uso de m\u00e1scara e higieniza\u00e7\u00e3o com \u00e1lcool em gel ou \u00e1gua e sab\u00e3o.<\/li>\n<\/ul>\n<ul>\n<li>Reuni\u00f5es e atendimentos (inclusive para matr\u00edcula) ser\u00e3o realizadas individualmente com no m\u00e1ximo duas pessoas e respeitando o distanciamento m\u00ednimo de 2 metros indicados pelos \u00f3rg\u00e3os sanit\u00e1rios legais.<\/li>\n<li>Caso necess\u00e1rio, realizaremos escala no refeit\u00f3rio com as turmas em hor\u00e1rios alternados para evitar aglomera\u00e7\u00f5es. As mesas de lanche, cadeiras e o espa\u00e7o utilizado para a refei\u00e7\u00e3o ser\u00e1 higienizado, como j\u00e1 de costume, a cada troca de turma.<\/li>\n<\/ul>\n<p>&nbsp;<\/p>\n","protected":false},"excerpt":{"rendered":"<p>PROTOCOLO DE SEGURAN\u00c7A PARA RETORNO \u00c0S AULAS\u00a0 O Col\u00e9gio J. Maniezo adotou algumas regras de conduta e procedimentos para que o retorno \u00e0s aulas seja feito de forma tranquila, respons\u00e1vel e segura. Para que isso aconte\u00e7a, solicitamos a leitura atenta e a estrita observ\u00e2ncia aos processos abaixo. PROCEDIMENTOS RETOMADA: Nossa escola retomar\u00e1 as aulas presenciais [&hellip;]<\/p>\n","protected":false},"author":1,"featured_media":2397,"comment_status":"closed","ping_status":"closed","sticky":false,"template":"","format":"standard","meta":{"footnotes":""},"categories":[47],"tags":[],"class_list":["post-2387","post","type-post","status-publish","format-standard","has-post-thumbnail","hentry","category-noticias"],"_links":{"self":[{"href":"http:\/\/colegiojmaniezo.com.br\/novosite\/wp-json\/wp\/v2\/posts\/2387","targetHints":{"allow":["GET"]}}],"collection":[{"href":"http:\/\/colegiojmaniezo.com.br\/novosite\/wp-json\/wp\/v2\/posts"}],"about":[{"href":"http:\/\/colegiojmaniezo.com.br\/novosite\/wp-json\/wp\/v2\/types\/post"}],"author":[{"embeddable":true,"href":"http:\/\/colegiojmaniezo.com.br\/novosite\/wp-json\/wp\/v2\/users\/1"}],"replies":[{"embeddable":true,"href":"http:\/\/colegiojmaniezo.com.br\/novosite\/wp-json\/wp\/v2\/comments?post=2387"}],"version-history":[{"count":2,"href":"http:\/\/colegiojmaniezo.com.br\/novosite\/wp-json\/wp\/v2\/posts\/2387\/revisions"}],"predecessor-version":[{"id":2398,"href":"http:\/\/colegiojmaniezo.com.br\/novosite\/wp-json\/wp\/v2\/posts\/2387\/revisions\/2398"}],"wp:featuredmedia":[{"embeddable":true,"href":"http:\/\/colegiojmaniezo.com.br\/novosite\/wp-json\/wp\/v2\/media\/2397"}],"wp:attachment":[{"href":"http:\/\/colegiojmaniezo.com.br\/novosite\/wp-json\/wp\/v2\/media?parent=2387"}],"wp:term":[{"taxonomy":"category","embeddable":true,"href":"http:\/\/colegiojmaniezo.com.br\/novosite\/wp-json\/wp\/v2\/categories?post=2387"},{"taxonomy":"post_tag","embeddable":true,"href":"http:\/\/colegiojmaniezo.com.br\/novosite\/wp-json\/wp\/v2\/tags?post=2387"}],"curies":[{"name":"wp","href":"https:\/\/api.w.org\/{rel}","templated":true}]}}