{"id":2384,"date":"2020-09-12T23:45:36","date_gmt":"2020-09-13T02:45:36","guid":{"rendered":"http:\/\/colegiojmaniezo.com.br\/novosite\/?p=2384"},"modified":"2020-09-14T16:12:39","modified_gmt":"2020-09-14T19:12:39","slug":"rematricula-2021","status":"publish","type":"post","link":"http:\/\/colegiojmaniezo.com.br\/novosite\/rematricula-2021\/","title":{"rendered":"Rematr\u00edcula 2021"},"content":{"rendered":"<p>Senhores pais, estejam atentos ao nosso <em>drive-throug<\/em> da rematr\u00edcula. A retirada dos envelopes est\u00e1 organizada por turmas e o servi\u00e7o ser\u00e1 realizado pela rua Jarbas Martins Viana. Observem a tabela abaixo:<\/p>\n<table width=\"746\">\n<tbody>\n<tr>\n<td width=\"66\"><strong>Ensino<\/strong><\/td>\n<td width=\"283\"><strong>Data de envio<\/strong><\/td>\n<td width=\"198\"><strong>Hor\u00e1rio manh\u00e3<\/strong><\/td>\n<td width=\"198\"><strong>Hor\u00e1rio tarde<\/strong><\/td>\n<\/tr>\n<tr>\n<td width=\"66\"><strong>Infantil<\/strong><\/td>\n<td width=\"283\"><strong>14\/09\/2020 (segunda-feira)<\/strong><\/td>\n<td width=\"198\"><strong>9h \u00e0s 12h30min<\/strong><\/td>\n<td width=\"198\"><strong>14h30min \u00e0s 18h30min<\/strong><\/td>\n<\/tr>\n<tr>\n<td width=\"66\"><strong>EF1<\/strong><\/td>\n<td width=\"283\"><strong>15 e 16\/09\/2020 (ter\u00e7a e quarta-feira)<\/strong><\/td>\n<td width=\"198\"><strong>9h \u00e0s 12h30min<\/strong><\/td>\n<td width=\"198\"><strong>14h30min \u00e0s 18h30min<\/strong><\/td>\n<\/tr>\n<tr>\n<td width=\"66\"><strong>EF2<\/strong><\/td>\n<td width=\"283\"><strong>17 e 18\/09\/2020 (quinta e quarta-feira)<\/strong><\/td>\n<td width=\"198\"><strong>9h \u00e0s 12h30min<\/strong><\/td>\n<td width=\"198\"><strong>14h30min \u00e0s 18h30min<\/strong><\/td>\n<\/tr>\n<\/tbody>\n<\/table>\n<p>&nbsp;<\/p>\n<p>Ap\u00f3s preenchimento de todos os dados o envelope dever\u00e1 ser entregue na secretaria da escola, pela rua Jacob Miguel. Observem a pr\u00f3xima tabela para conferir os dias para entrega:<\/p>\n<table width=\"746\">\n<tbody>\n<tr>\n<td width=\"66\"><strong>Ensino<\/strong><\/td>\n<td width=\"283\"><strong>Data de retorno<\/strong><\/td>\n<td width=\"198\"><strong>Hor\u00e1rio manh\u00e3<\/strong><\/td>\n<td width=\"198\"><strong>Hor\u00e1rio tarde<\/strong><\/td>\n<\/tr>\n<tr>\n<td width=\"66\"><strong>Infantil<\/strong><\/td>\n<td width=\"283\"><strong>21\/09\/2020 (segunda-feira)<\/strong><\/td>\n<td width=\"198\"><strong>8h \u00e0s 11h30min<\/strong><\/td>\n<td width=\"198\"><strong>13h30min \u00e0s 18h<\/strong><\/td>\n<\/tr>\n<tr>\n<td width=\"66\"><strong>EF1<\/strong><\/td>\n<td width=\"283\"><strong>22 e 23\/09\/2020 (ter\u00e7a e quarta-feira)<\/strong><\/td>\n<td width=\"198\"><strong>8h \u00e0s 11h30min<\/strong><\/td>\n<td width=\"198\"><strong>13h30min \u00e0s 18h<\/strong><\/td>\n<\/tr>\n<tr>\n<td width=\"66\"><strong>EF2<\/strong><\/td>\n<td width=\"283\"><strong>24 e 25\/09\/2020 (quinta e quarta-feira)<\/strong><\/td>\n<td width=\"198\"><strong>8h \u00e0s 11h30min<\/strong><\/td>\n<td width=\"198\"><strong>13h30min \u00e0s 18h<\/strong><\/td>\n<\/tr>\n<\/tbody>\n<\/table>\n<p>&nbsp;<\/p>\n<p>Pedimos carinhosamente que se atentem as datas e hor\u00e1rios informados, a fim de melhor organiza\u00e7\u00e3o, priorizando a sa\u00fade e bem estar de todos. Recomendamos o uso de m\u00e1scara, e ressaltamos que ser\u00e1 permitido a entrada de apenas um membro da fam\u00edlia nas depend\u00eancias do col\u00e9gio para realiza\u00e7\u00e3o da rematr\u00edcula. Asseguramos que nossa institui\u00e7\u00e3o est\u00e1 devidamente equipada e estruturada com todos os procedimentos indicados pelos \u00f3rg\u00e3os de sa\u00fade. Quaisquer aglomera\u00e7\u00f5es devem ser evitadas, portanto solicitamos que os respons\u00e1veis n\u00e3o se re\u00fanam nos port\u00f5es da escola e n\u00e3o permane\u00e7am por mais tempo do que o necess\u00e1rio dentro da mesma, nossa equipe estar\u00e1 trabalhando com toda agilidade poss\u00edvel para que o atendimento seja din\u00e2mico e efetivo. Vamos juntos, rumo a 2021 com muita dedica\u00e7\u00e3o, continuar ensinando li\u00e7\u00f5es para a vida.<\/p>\n","protected":false},"excerpt":{"rendered":"<p>Senhores pais, estejam atentos ao nosso drive-throug da rematr\u00edcula. A retirada dos envelopes est\u00e1 organizada por turmas e o servi\u00e7o ser\u00e1 realizado pela rua Jarbas Martins Viana. Observem a tabela abaixo: Ensino Data de envio Hor\u00e1rio manh\u00e3 Hor\u00e1rio tarde Infantil 14\/09\/2020 (segunda-feira) 9h \u00e0s 12h30min 14h30min \u00e0s 18h30min EF1 15 e 16\/09\/2020 (ter\u00e7a e quarta-feira) [&hellip;]<\/p>\n","protected":false},"author":1,"featured_media":2399,"comment_status":"closed","ping_status":"closed","sticky":false,"template":"","format":"standard","meta":{"footnotes":""},"categories":[47],"tags":[50,49,48],"class_list":["post-2384","post","type-post","status-publish","format-standard","has-post-thumbnail","hentry","category-noticias","tag-colegiojmaniezo","tag-escola","tag-rematricula"],"_links":{"self":[{"href":"http:\/\/colegiojmaniezo.com.br\/novosite\/wp-json\/wp\/v2\/posts\/2384","targetHints":{"allow":["GET"]}}],"collection":[{"href":"http:\/\/colegiojmaniezo.com.br\/novosite\/wp-json\/wp\/v2\/posts"}],"about":[{"href":"http:\/\/colegiojmaniezo.com.br\/novosite\/wp-json\/wp\/v2\/types\/post"}],"author":[{"embeddable":true,"href":"http:\/\/colegiojmaniezo.com.br\/novosite\/wp-json\/wp\/v2\/users\/1"}],"replies":[{"embeddable":true,"href":"http:\/\/colegiojmaniezo.com.br\/novosite\/wp-json\/wp\/v2\/comments?post=2384"}],"version-history":[{"count":1,"href":"http:\/\/colegiojmaniezo.com.br\/novosite\/wp-json\/wp\/v2\/posts\/2384\/revisions"}],"predecessor-version":[{"id":2385,"href":"http:\/\/colegiojmaniezo.com.br\/novosite\/wp-json\/wp\/v2\/posts\/2384\/revisions\/2385"}],"wp:featuredmedia":[{"embeddable":true,"href":"http:\/\/colegiojmaniezo.com.br\/novosite\/wp-json\/wp\/v2\/media\/2399"}],"wp:attachment":[{"href":"http:\/\/colegiojmaniezo.com.br\/novosite\/wp-json\/wp\/v2\/media?parent=2384"}],"wp:term":[{"taxonomy":"category","embeddable":true,"href":"http:\/\/colegiojmaniezo.com.br\/novosite\/wp-json\/wp\/v2\/categories?post=2384"},{"taxonomy":"post_tag","embeddable":true,"href":"http:\/\/colegiojmaniezo.com.br\/novosite\/wp-json\/wp\/v2\/tags?post=2384"}],"curies":[{"name":"wp","href":"https:\/\/api.w.org\/{rel}","templated":true}]}}